{"id":1962,"date":"2023-09-25T13:05:37","date_gmt":"2023-09-25T12:05:37","guid":{"rendered":"https:\/\/adintrade.hu\/?p=1962"},"modified":"2023-09-25T13:05:38","modified_gmt":"2023-09-25T12:05:38","slug":"","status":"publish","type":"post","link":"https:\/\/adintrade.hu\/en\/ujabb-szankcios-rendelet-oroszorszaggal-szemben\/","title":{"rendered":"","raw":""},"content":{"rendered":"","protected":false,"raw":""},"excerpt":{"rendered":"","protected":false,"raw":""},"author":6,"featured_media":0,"comment_status":"closed","ping_status":"open","sticky":false,"template":"","format":"standard","meta":{"inline_featured_image":false,"_hu_post_content":"<!-- wp:heading {\"level\":4} -->\n<h4>2023. j\u00fanius 24-t\u0151l v\u00e1ltoztak az orosz\u2013ukr\u00e1n h\u00e1bor\u00fa miatt Oroszorsz\u00e1ggal szemben elrendelt egyes szankci\u00f3k szab\u00e1lyai.\u00a0Emiatt\u00a0<strong>legkor\u00e1bban 2023.\u00a0szeptember\u00a030-t\u00f3l<\/strong>, egyes vas- \u00e9s ac\u00e9lterm\u00e9kek\u00a0Eur\u00f3pai Uni\u00f3 ter\u00fclet\u00e9re behozatalakor az import\u0151r\u00f6knek bizony\u00edt\u00e9kot kell szolg\u00e1ltatniuk a term\u00e9k harmadik orsz\u00e1gban v\u00e9gzett feldolgoz\u00e1s\u00e1hoz felhaszn\u00e1lt vas \u00e9s ac\u00e9l alapanyagok sz\u00e1rmaz\u00e1si orsz\u00e1g\u00e1r\u00f3l.<\/h4>\n<!-- \/wp:heading -->\n\n<!-- wp:image {\"id\":1963,\"width\":794,\"height\":321,\"sizeSlug\":\"large\",\"linkDestination\":\"none\"} -->\n<figure class=\"wp-block-image size-large is-resized\"><img src=\"https:\/\/adintrade.hu\/wp-content\/uploads\/2023\/09\/Kepkivagas-1030x440.jpg\" alt=\"sanction\" class=\"wp-image-1963\" width=\"794\" height=\"321\"\/><\/figure>\n<!-- \/wp:image -->\n\n<!-- wp:paragraph -->\n<p><strong>Az Oroszorsz\u00e1gb\u00f3l sz\u00e1rmaz\u00f3, a Rendelet XVII. mell\u00e9klet\u00e9ben, v\u00e1mtarifasz\u00e1m szerint felsorolt vas \u00e9s ac\u00e9l alapanyag felhaszn\u00e1l\u00e1s\u00e1val harmadik orsz\u00e1gokban el\u0151\u00e1ll\u00edtott vas- \u00e9s ac\u00e9lterm\u00e9kek behozatali tilalma&nbsp;<\/strong>k\u00fcl\u00f6nb\u00f6z\u0151 id\u0151pontokban l\u00e9p hat\u00e1lyba, a felhaszn\u00e1lt alapanyagt\u00f3l f\u00fcgg\u0151en:<\/p>\n<!-- \/wp:paragraph -->\n\n<!-- wp:list -->\n<ul><li><strong>2023. szeptember 30-t\u00f3l<\/strong>\u00a0a XVII. mell\u00e9kletben szerepl\u0151 \u2013 de a 7207 11, 7207 12 10 vagy 7224 90 KN-k\u00f3d al\u00e1 tartoz\u00f3 f\u00e9lk\u00e9sz term\u00e9kekt\u0151l elt\u00e9r\u0151 \u2013 alapanyagb\u00f3l el\u0151\u00e1ll\u00edtott term\u00e9kekre.<\/li><li><strong>2024. \u00e1prilis 1-j\u00e9t\u0151l\u00a0<\/strong>a XVII. mell\u00e9kletben szerepl\u0151, a 7207 11 KN-k\u00f3d al\u00e1 tartoz\u00f3 f\u00e9lk\u00e9sz term\u00e9kb\u0151l el\u0151\u00e1ll\u00edtott term\u00e9kekre.<\/li><li><strong>2024. okt\u00f3ber 1-j\u00e9t\u0151l<\/strong>\u00a0a XVII. mell\u00e9kletben szerepl\u0151, a 7207 12 10 vagy 7224 90 KN-k\u00f3d al\u00e1 tartoz\u00f3 f\u00e9lk\u00e9sz term\u00e9kekb\u0151l el\u0151\u00e1ll\u00edtott term\u00e9kekre. <\/li><\/ul>\n<!-- \/wp:list -->\n\n<!-- wp:paragraph -->\n<p>Az alapanyag sz\u00e1rmaz\u00e1s\u00e1ra vonatkoz\u00f3 bizony\u00edt\u00e9knak minden, a Rendelet 3g. cikk\u00e9ben felsorolt term\u00e9k behozatalakor rendelkez\u00e9sre kell \u00e1llnia. Ennek ellen\u0151rz\u00e9s\u00e9hez 2023.\u00a0szeptember 30-t\u00f3l be\u00e9p\u00edtettek egy int\u00e9zked\u00e9st az Eur\u00f3pai Uni\u00f3 Integr\u00e1lt V\u00e1mtarif\u00e1j\u00e1ba (TARIC). Emiatt az \u00e9rintett term\u00e9kek behozatali v\u00e1melj\u00e1r\u00e1sainak kezdem\u00e9nyez\u00e9sekor a v\u00e1m-\u00e1runyilatkozaton az Y824 igazol\u00e1sk\u00f3dot kell szerepeltetni.<\/p>\n<!-- \/wp:paragraph -->\n\n<!-- wp:paragraph -->\n<p>A sz\u00e1rmaz\u00e1si orsz\u00e1gra utal\u00f3 bizony\u00edt\u00e9kot elektronikusan vagy pap\u00edralapon kell bemutatni. Ha a v\u00e1mhat\u00f3s\u00e1gi ellen\u0151rz\u00e9skor a megfelel\u0151 bizony\u00edt\u00e9k nem \u00e1ll rendelkez\u00e9sre, vagy adattartalma nem megfelel\u0151, az \u00e1ru nem engedhet\u0151 \u00e1t, \u00e9s a nyilatkozattev\u0151nek tov\u00e1bbi bizony\u00edt\u00e9kot kell szolg\u00e1ltatnia a v\u00e1mhat\u00f3s\u00e1gnak arr\u00f3l, hogy az \u00e1ruk nem tartoznak a 3g. cikk szerinti behozatali tilalom hat\u00e1lya al\u00e1.<\/p>\n<!-- \/wp:paragraph -->\n\n<!-- wp:heading {\"level\":6} -->\n<h6>A\u00a0<strong>Bizotts\u00e1g\u00a0<\/strong>2023. szeptember 12-\u00e9n aktualiz\u00e1lta a \u201e<strong>Gyakran ism\u00e9telt k\u00e9rd\u00e9sek \u00e9s arra adhat\u00f3 v\u00e1laszok\u201d c\u00edm\u0171 angol nyelv\u0171 t\u00e1j\u00e9koztat\u00f3j\u00e1t\u00a0<\/strong>(angolul: FAQs, magyarul: GYIK), \u00a0amelyet az orosz\u2013ukr\u00e1n h\u00e1bor\u00fa miatt elrendelt \u00e1ltal\u00e1nos\u00a0<strong>behozatali szankci\u00f3kr\u00f3l\u00a0dolgozott ki<\/strong>. A Bizotts\u00e1g e t\u00e1j\u00e9koztat\u00e1sa (t\u00e1j\u00e9koztat\u00f3) jelen k\u00f6zlem\u00e9ny mell\u00e9klet\u00e9ben olvashat\u00f3.\u00a0<\/h6>\n<!-- \/wp:heading -->\n\n<!-- wp:paragraph -->\n<p>A t\u00e1j\u00e9koztat\u00f3\u00a0<strong>11. pontja r\u00e9szletesen ismerteti a harmadik orsz\u00e1gban \u2013 a Rendelet XVII. mell\u00e9klet\u00e9ben felsorolt orosz alapanyag felhaszn\u00e1l\u00e1s\u00e1val \u2013 el\u0151\u00e1ll\u00edtott vas- \u00e9s ac\u00e9lterm\u00e9kek behozatal\u00e1hoz sz\u00fcks\u00e9ges, azok alapanyag\u00e1nak sz\u00e1rmaz\u00e1s\u00e1ra vonatkoz\u00f3 bizony\u00edt\u00e9kokat.<\/strong><\/p>\n<!-- \/wp:paragraph -->\n\n<!-- wp:paragraph -->\n<p>Az uni\u00f3s gy\u00e1rt\u00f3k egyes\u00fcleteivel egyeztetett bizotts\u00e1gi \u00e1ll\u00e1spont az, hogy el\u00e9gs\u00e9ges bizony\u00edt\u00e9knak az al\u00e1bbiak tekinthet\u0151k:<\/p>\n<!-- \/wp:paragraph -->\n\n<!-- wp:list -->\n<ul><li><strong>F\u00e9lk\u00e9sz term\u00e9kn\u00e9l<\/strong>: MTC-okm\u00e1ny, amely tartalmazza:<ul><li>a gy\u00e1rt\u00e1s helye szerinti l\u00e9tes\u00edtm\u00e9ny nev\u00e9t,<\/li><li>a hev\u00edt\u00e9si sz\u00e1mhoz (\u201eheat number\u201d) tartoz\u00f3 orsz\u00e1got (az \u00f6nt\u0151\u00fcst orsz\u00e1g\u00e1t) \u00e9s\u00a0<\/li><li>a term\u00e9k legal\u00e1bb hat sz\u00e1mjegy\u0171 v\u00e1mtarifasz\u00e1m\u00e1t.<\/li><\/ul><\/li><li><strong>K\u00e9szterm\u00e9kn\u00e9l<\/strong>: MTC-okm\u00e1ny vagy -okm\u00e1nyok (ha az \u00f6sszes l\u00e9nyegi inform\u00e1ci\u00f3 nem \u00f6sszegezhet\u0151 egyetlen dokumentumon), amely tartalmazza:<ul><li>a hev\u00edt\u00e9si sz\u00e1mhoz (\u201eheat number\u201d) tartoz\u00f3 orsz\u00e1g (az \u00f6nt\u0151\u00fcst orsz\u00e1g\u00e1t) \u00e9s l\u00e9tes\u00edtm\u00e9ny nev\u00e9t,<\/li><li>a term\u00e9k legal\u00e1bb hat sz\u00e1mjegy\u0171 v\u00e1mtarifasz\u00e1m\u00e1t \u00e9s<\/li><li>azon orsz\u00e1g \u00e9s l\u00e9tes\u00edtm\u00e9ny nev\u00e9t, ahol a sz\u00e1rmaz\u00f3 helyzet szempontj\u00e1b\u00f3l relev\u00e1ns tov\u00e1bbi feldolgoz\u00e1si m\u0171veletet (p\u00e9ld\u00e1ul meleg-, vagy hideghengerl\u00e9s, hegeszt\u00e9s) v\u00e9gezt\u00e9k.<\/li><\/ul><\/li><\/ul>\n<!-- \/wp:list -->\n\n<!-- wp:paragraph -->\n<p>Ugyanakkor a v\u00e1mhat\u00f3s\u00e1gnak az al\u00e1bbi dokumentumok is bizony\u00edt\u00e9kok lehetnek:<\/p>\n<!-- \/wp:paragraph -->\n\n<!-- wp:list -->\n<ul><li>gy\u00e1rt\u00f3i nyilatkozat,<\/li><li>export\u0151ri nyilatkozat,<\/li><li>kereskedelmi sz\u00e1mla,<\/li><li>sz\u00e1ll\u00edt\u00f3lev\u00e9l,<\/li><li>min\u0151s\u00e9gi tan\u00fas\u00edtv\u00e1ny,<\/li><li>hossz\u00fa t\u00e1v\u00fa besz\u00e1ll\u00edt\u00f3i nyilatkozat,<\/li><li>gy\u00e1rt\u00e1si \u00e9s \u00e9p\u00edt\u00e9si dokumentum,<\/li><li>export\u0151r orsz\u00e1g v\u00e1m-\u00e1runyilatkozat\u00e1nak adatai,<\/li><li>\u00fczleti levelez\u00e9s,<\/li><li>gy\u00e1rt\u00e1si le\u00edr\u00e1s,<\/li><li>szerz\u0151d\u00e9sben szerepl\u0151 z\u00e1rad\u00e9kok.<\/li><\/ul>\n<!-- \/wp:list -->\n\n<!-- wp:paragraph -->\n<p>A bizotts\u00e1gi t\u00e1j\u00e9koztat\u00e1s szerint az<strong>\u00a0import\u0151r felel\u0151s az alapanyag sz\u00e1rmaz\u00e1si orsz\u00e1g\u00e1ra vonatkoz\u00f3 bizony\u00edt\u00e9kokban szerepl\u0151 adatok helyess\u00e9g\u00e9\u00e9rt<\/strong>. A\u00a0<strong>v\u00e1mhat\u00f3s\u00e1g\u00a0<\/strong>megalapozott\u00a0<strong>gyan\u00fa eset\u00e9n tov\u00e1bbi bizony\u00edt\u00e9kot k\u00e9rhet a term\u00e9k megmunk\u00e1l\u00e1s\u00e1r\u00f3l, feldolgoz\u00e1si m\u0171veleteir\u0151l<\/strong>. A sz\u00e1rmaz\u00e1si orsz\u00e1gr\u00f3l minden bizony\u00edt\u00e9knak, adatnak koherensnek kell lennie egym\u00e1ssal. Az import\u0151rnek kell\u0151 gondoss\u00e1ggal kell elj\u00e1rnia a megadott inform\u00e1ci\u00f3k hiteless\u00e9g\u00e9nek \u00e9s pontoss\u00e1g\u00e1nak biztos\u00edt\u00e1s\u00e1ra.\u00a0<\/p>\n<!-- \/wp:paragraph -->\n\n<!-- wp:paragraph -->\n<p>Fontos, hogy\u00a0<strong>EIDR-enged\u00e9ly\u00a0birtok\u00e1ban sem\u00a0mentes\u00edthet\u0151k a v\u00e1m el\u00e9 \u00e1ll\u00edt\u00e1si k\u00f6telezetts\u00e9g al\u00f3l azok az \u00e1ruk<\/strong>, amelyek\u00a0<strong>tilt\u00f3 \u00e9s korl\u00e1toz\u00f3 rendelkez\u00e9sek hat\u00e1lya al\u00e1 tartoznak.<\/strong><\/p>\n<!-- \/wp:paragraph -->\n\n<!-- wp:paragraph -->\n<p>K\u00e9rj\u00fck, hogy a v\u00e1melj\u00e1r\u00e1sokban 2023. szeptember 30. ut\u00e1n bejelentett, a Rendelet XVII. mell\u00e9klet\u00e9ben felsorolt vas- \u00e9s ac\u00e9lterm\u00e9kek behozatalakor a fentiekre legyenek figyelemmel.<\/p>\n<!-- \/wp:paragraph -->\n\n<!-- wp:paragraph -->\n<p><a href=\"https:\/\/nav.gov.hu\/fooldal-elemei\/fooldali-csempek\/magyar-ukran\/harmadik-orszagban-feldolgozott-vas--es-aceltermekek-szarmazasara-vonatkozo-bizonyitek#_ftn4\">Forr\u00e1s: NAV<\/a><\/p>\n<!-- \/wp:paragraph -->\n\n<!-- wp:paragraph -->\n<p><a href=\"https:\/\/adintrade.hu\/kapcsolat\/\">AD Intrade and Services Kft. #v\u00e1m #term\u00e9kd\u00edj #intrastat #EPR<\/a><\/p>\n<!-- \/wp:paragraph -->","_hu_post_name":"ujabb-szankcios-rendelet-oroszorszaggal-szemben","_hu_post_excerpt":"","_hu_post_title":"\u00dajabb szankci\u00f3s rendelet Oroszorsz\u00e1ggal szemben!","_en_post_content":"","_en_post_name":"","_en_post_excerpt":"","_en_post_title":"","edit_language":"en","footnotes":""},"categories":[1,4],"tags":[24,122,74,51,52,75,123,120],"yoast_head":"<!-- This site is optimized with the Yoast SEO plugin v21.7 - https:\/\/yoast.com\/wordpress\/plugins\/seo\/ -->\n<title>\u00dajabb szankci\u00f3s rendelet Oroszorsz\u00e1ggal szemben!<\/title>\n<meta name=\"description\" content=\"V\u00e1ltoztak az orosz\u2013ukr\u00e1n h\u00e1bor\u00fa miatt Oroszorsz\u00e1ggal szemben elrendelt egyes szankci\u00f3k szab\u00e1lyai, egyes vas- \u00e9s ac\u00e9lterm\u00e9kek\u00a0tekintet\u00e9ben.\" \/>\n<meta name=\"robots\" content=\"index, follow, max-snippet:-1, max-image-preview:large, max-video-preview:-1\" \/>\n<link rel=\"canonical\" href=\"https:\/\/adintrade.hu\/ujabb-szankcios-rendelet-oroszorszaggal-szemben\/\" \/>\n<meta property=\"og:locale\" content=\"en_US\" \/>\n<meta property=\"og:type\" content=\"article\" \/>\n<meta property=\"og:title\" content=\"\u00dajabb szankci\u00f3s rendelet Oroszorsz\u00e1ggal szemben!\" \/>\n<meta property=\"og:description\" content=\"V\u00e1ltoztak az orosz\u2013ukr\u00e1n h\u00e1bor\u00fa miatt Oroszorsz\u00e1ggal szemben elrendelt egyes szankci\u00f3k szab\u00e1lyai, egyes vas- \u00e9s ac\u00e9lterm\u00e9kek\u00a0tekintet\u00e9ben.\" \/>\n<meta property=\"og:url\" content=\"https:\/\/adintrade.hu\/ujabb-szankcios-rendelet-oroszorszaggal-szemben\/\" \/>\n<meta property=\"og:site_name\" content=\"Adintrade Kft.\" \/>\n<meta property=\"article:publisher\" content=\"https:\/\/facebook.com\/adintrade\" \/>\n<meta property=\"article:published_time\" content=\"2023-09-25T12:05:37+00:00\" \/>\n<meta property=\"article:modified_time\" content=\"2023-09-25T12:05:38+00:00\" \/>\n<meta property=\"og:image\" content=\"https:\/\/adintrade.hu\/wp-content\/uploads\/2023\/09\/Kepkivagas-1030x440.jpg\" \/>\n<meta name=\"author\" content=\"Csaba\" \/>\n<meta name=\"twitter:card\" content=\"summary_large_image\" \/>\n<meta name=\"twitter:label1\" content=\"Written by\" \/>\n\t<meta name=\"twitter:data1\" content=\"Csaba\" \/>\n\t<meta name=\"twitter:label2\" content=\"Est. reading time\" \/>\n\t<meta name=\"twitter:data2\" content=\"4 minutes\" \/>\n<script type=\"application\/ld+json\" class=\"yoast-schema-graph\">{\"@context\":\"https:\/\/schema.org\",\"@graph\":[{\"@type\":\"Article\",\"@id\":\"https:\/\/adintrade.hu\/ujabb-szankcios-rendelet-oroszorszaggal-szemben\/#article\",\"isPartOf\":{\"@id\":\"https:\/\/adintrade.hu\/ujabb-szankcios-rendelet-oroszorszaggal-szemben\/\"},\"author\":{\"name\":\"Csaba\",\"@id\":\"https:\/\/adintrade.hu\/#\/schema\/person\/e14412c3e1271212ba1659ad8368deb0\"},\"headline\":\"\u00dajabb szankci\u00f3s rendelet Oroszorsz\u00e1ggal szemben!\",\"datePublished\":\"2023-09-25T12:05:37+00:00\",\"dateModified\":\"2023-09-25T12:05:38+00:00\",\"mainEntityOfPage\":{\"@id\":\"https:\/\/adintrade.hu\/ujabb-szankcios-rendelet-oroszorszaggal-szemben\/\"},\"wordCount\":926,\"publisher\":{\"@id\":\"https:\/\/adintrade.hu\/#organization\"},\"keywords\":[\"nav\",\"orosz\",\"Oroszorsz\u00e1g\",\"sanction\",\"szankci\u00f3\",\"Ukrajna\",\"ukr\u00e1n\",\"vas\"],\"articleSection\":[\"Egy\u00e9b\",\"v\u00e1m\"],\"inLanguage\":\"english\"},{\"@type\":\"WebPage\",\"@id\":\"https:\/\/adintrade.hu\/ujabb-szankcios-rendelet-oroszorszaggal-szemben\/\",\"url\":\"https:\/\/adintrade.hu\/ujabb-szankcios-rendelet-oroszorszaggal-szemben\/\",\"name\":\"\u00dajabb szankci\u00f3s rendelet Oroszorsz\u00e1ggal szemben!\",\"isPartOf\":{\"@id\":\"https:\/\/adintrade.hu\/#website\"},\"datePublished\":\"2023-09-25T12:05:37+00:00\",\"dateModified\":\"2023-09-25T12:05:38+00:00\",\"description\":\"V\u00e1ltoztak az orosz\u2013ukr\u00e1n h\u00e1bor\u00fa miatt Oroszorsz\u00e1ggal szemben elrendelt egyes szankci\u00f3k szab\u00e1lyai, egyes vas- \u00e9s ac\u00e9lterm\u00e9kek\u00a0tekintet\u00e9ben.\",\"breadcrumb\":{\"@id\":\"https:\/\/adintrade.hu\/ujabb-szankcios-rendelet-oroszorszaggal-szemben\/#breadcrumb\"},\"inLanguage\":\"english\",\"potentialAction\":[{\"@type\":\"ReadAction\",\"target\":[\"https:\/\/adintrade.hu\/ujabb-szankcios-rendelet-oroszorszaggal-szemben\/\"]}]},{\"@type\":\"BreadcrumbList\",\"@id\":\"https:\/\/adintrade.hu\/ujabb-szankcios-rendelet-oroszorszaggal-szemben\/#breadcrumb\",\"itemListElement\":[{\"@type\":\"ListItem\",\"position\":1,\"name\":\"Home\",\"item\":\"https:\/\/adintrade.hu\/\"},{\"@type\":\"ListItem\",\"position\":2,\"name\":\"\u00dajabb szankci\u00f3s rendelet Oroszorsz\u00e1ggal szemben!\"}]},{\"@type\":\"WebSite\",\"@id\":\"https:\/\/adintrade.hu\/#website\",\"url\":\"https:\/\/adintrade.hu\/\",\"name\":\"Adintrade Kft.\",\"description\":\"Customs and product fee administration\",\"publisher\":{\"@id\":\"https:\/\/adintrade.hu\/#organization\"},\"potentialAction\":[{\"@type\":\"SearchAction\",\"target\":{\"@type\":\"EntryPoint\",\"urlTemplate\":\"https:\/\/adintrade.hu\/?s={search_term_string}\"},\"query-input\":\"required name=search_term_string\"}],\"inLanguage\":\"english\"},{\"@type\":\"Organization\",\"@id\":\"https:\/\/adintrade.hu\/#organization\",\"name\":\"Adintrade Kft.\",\"url\":\"https:\/\/adintrade.hu\/\",\"logo\":{\"@type\":\"ImageObject\",\"inLanguage\":\"english\",\"@id\":\"https:\/\/adintrade.hu\/#\/schema\/logo\/image\/\",\"url\":\"https:\/\/adintrade.hu\/wp-content\/uploads\/2022\/08\/cropped-cropped-adintrade_original.png\",\"contentUrl\":\"https:\/\/adintrade.hu\/wp-content\/uploads\/2022\/08\/cropped-cropped-adintrade_original.png\",\"width\":794,\"height\":247,\"caption\":\"Adintrade Kft.\"},\"image\":{\"@id\":\"https:\/\/adintrade.hu\/#\/schema\/logo\/image\/\"},\"sameAs\":[\"https:\/\/facebook.com\/adintrade\"]},{\"@type\":\"Person\",\"@id\":\"https:\/\/adintrade.hu\/#\/schema\/person\/e14412c3e1271212ba1659ad8368deb0\",\"name\":\"Csaba\",\"image\":{\"@type\":\"ImageObject\",\"inLanguage\":\"english\",\"@id\":\"https:\/\/adintrade.hu\/#\/schema\/person\/image\/\",\"url\":\"https:\/\/secure.gravatar.com\/avatar\/e141f6987664c3db6f6771575aa6f8ee?s=96&d=mm&r=g\",\"contentUrl\":\"https:\/\/secure.gravatar.com\/avatar\/e141f6987664c3db6f6771575aa6f8ee?s=96&d=mm&r=g\",\"caption\":\"Csaba\"},\"url\":\"https:\/\/adintrade.hu\/en\/author\/csaba\/\"}]}<\/script>\n<!-- \/ Yoast SEO plugin. -->","yoast_head_json":{"title":"\u00dajabb szankci\u00f3s rendelet Oroszorsz\u00e1ggal szemben!","description":"V\u00e1ltoztak az orosz\u2013ukr\u00e1n h\u00e1bor\u00fa miatt Oroszorsz\u00e1ggal szemben elrendelt egyes szankci\u00f3k szab\u00e1lyai, egyes vas- \u00e9s ac\u00e9lterm\u00e9kek\u00a0tekintet\u00e9ben.","robots":{"index":"index","follow":"follow","max-snippet":"max-snippet:-1","max-image-preview":"max-image-preview:large","max-video-preview":"max-video-preview:-1"},"canonical":"https:\/\/adintrade.hu\/ujabb-szankcios-rendelet-oroszorszaggal-szemben\/","og_locale":"en_US","og_type":"article","og_title":"\u00dajabb szankci\u00f3s rendelet Oroszorsz\u00e1ggal szemben!","og_description":"V\u00e1ltoztak az orosz\u2013ukr\u00e1n h\u00e1bor\u00fa miatt Oroszorsz\u00e1ggal szemben elrendelt egyes szankci\u00f3k szab\u00e1lyai, egyes vas- \u00e9s ac\u00e9lterm\u00e9kek\u00a0tekintet\u00e9ben.","og_url":"https:\/\/adintrade.hu\/ujabb-szankcios-rendelet-oroszorszaggal-szemben\/","og_site_name":"Adintrade Kft.","article_publisher":"https:\/\/facebook.com\/adintrade","article_published_time":"2023-09-25T12:05:37+00:00","article_modified_time":"2023-09-25T12:05:38+00:00","og_image":[{"url":"https:\/\/adintrade.hu\/wp-content\/uploads\/2023\/09\/Kepkivagas-1030x440.jpg"}],"author":"Csaba","twitter_card":"summary_large_image","twitter_misc":{"Written by":"Csaba","Est. reading time":"4 minutes"},"schema":{"@context":"https:\/\/schema.org","@graph":[{"@type":"Article","@id":"https:\/\/adintrade.hu\/ujabb-szankcios-rendelet-oroszorszaggal-szemben\/#article","isPartOf":{"@id":"https:\/\/adintrade.hu\/ujabb-szankcios-rendelet-oroszorszaggal-szemben\/"},"author":{"name":"Csaba","@id":"https:\/\/adintrade.hu\/#\/schema\/person\/e14412c3e1271212ba1659ad8368deb0"},"headline":"\u00dajabb szankci\u00f3s rendelet Oroszorsz\u00e1ggal szemben!","datePublished":"2023-09-25T12:05:37+00:00","dateModified":"2023-09-25T12:05:38+00:00","mainEntityOfPage":{"@id":"https:\/\/adintrade.hu\/ujabb-szankcios-rendelet-oroszorszaggal-szemben\/"},"wordCount":926,"publisher":{"@id":"https:\/\/adintrade.hu\/#organization"},"keywords":["nav","orosz","Oroszorsz\u00e1g","sanction","szankci\u00f3","Ukrajna","ukr\u00e1n","vas"],"articleSection":["Egy\u00e9b","v\u00e1m"],"inLanguage":"english"},{"@type":"WebPage","@id":"https:\/\/adintrade.hu\/ujabb-szankcios-rendelet-oroszorszaggal-szemben\/","url":"https:\/\/adintrade.hu\/ujabb-szankcios-rendelet-oroszorszaggal-szemben\/","name":"\u00dajabb szankci\u00f3s rendelet Oroszorsz\u00e1ggal szemben!","isPartOf":{"@id":"https:\/\/adintrade.hu\/#website"},"datePublished":"2023-09-25T12:05:37+00:00","dateModified":"2023-09-25T12:05:38+00:00","description":"V\u00e1ltoztak az orosz\u2013ukr\u00e1n h\u00e1bor\u00fa miatt Oroszorsz\u00e1ggal szemben elrendelt egyes szankci\u00f3k szab\u00e1lyai, egyes vas- \u00e9s ac\u00e9lterm\u00e9kek\u00a0tekintet\u00e9ben.","breadcrumb":{"@id":"https:\/\/adintrade.hu\/ujabb-szankcios-rendelet-oroszorszaggal-szemben\/#breadcrumb"},"inLanguage":"english","potentialAction":[{"@type":"ReadAction","target":["https:\/\/adintrade.hu\/ujabb-szankcios-rendelet-oroszorszaggal-szemben\/"]}]},{"@type":"BreadcrumbList","@id":"https:\/\/adintrade.hu\/ujabb-szankcios-rendelet-oroszorszaggal-szemben\/#breadcrumb","itemListElement":[{"@type":"ListItem","position":1,"name":"Home","item":"https:\/\/adintrade.hu\/"},{"@type":"ListItem","position":2,"name":"\u00dajabb szankci\u00f3s rendelet Oroszorsz\u00e1ggal szemben!"}]},{"@type":"WebSite","@id":"https:\/\/adintrade.hu\/#website","url":"https:\/\/adintrade.hu\/","name":"Adintrade Kft.","description":"Customs and product fee administration","publisher":{"@id":"https:\/\/adintrade.hu\/#organization"},"potentialAction":[{"@type":"SearchAction","target":{"@type":"EntryPoint","urlTemplate":"https:\/\/adintrade.hu\/?s={search_term_string}"},"query-input":"required name=search_term_string"}],"inLanguage":"english"},{"@type":"Organization","@id":"https:\/\/adintrade.hu\/#organization","name":"Adintrade Kft.","url":"https:\/\/adintrade.hu\/","logo":{"@type":"ImageObject","inLanguage":"english","@id":"https:\/\/adintrade.hu\/#\/schema\/logo\/image\/","url":"https:\/\/adintrade.hu\/wp-content\/uploads\/2022\/08\/cropped-cropped-adintrade_original.png","contentUrl":"https:\/\/adintrade.hu\/wp-content\/uploads\/2022\/08\/cropped-cropped-adintrade_original.png","width":794,"height":247,"caption":"Adintrade Kft."},"image":{"@id":"https:\/\/adintrade.hu\/#\/schema\/logo\/image\/"},"sameAs":["https:\/\/facebook.com\/adintrade"]},{"@type":"Person","@id":"https:\/\/adintrade.hu\/#\/schema\/person\/e14412c3e1271212ba1659ad8368deb0","name":"Csaba","image":{"@type":"ImageObject","inLanguage":"english","@id":"https:\/\/adintrade.hu\/#\/schema\/person\/image\/","url":"https:\/\/secure.gravatar.com\/avatar\/e141f6987664c3db6f6771575aa6f8ee?s=96&d=mm&r=g","contentUrl":"https:\/\/secure.gravatar.com\/avatar\/e141f6987664c3db6f6771575aa6f8ee?s=96&d=mm&r=g","caption":"Csaba"},"url":"https:\/\/adintrade.hu\/en\/author\/csaba\/"}]}},"_links":{"self":[{"href":"https:\/\/adintrade.hu\/en\/wp-json\/wp\/v2\/posts\/1962"}],"collection":[{"href":"https:\/\/adintrade.hu\/en\/wp-json\/wp\/v2\/posts"}],"about":[{"href":"https:\/\/adintrade.hu\/en\/wp-json\/wp\/v2\/types\/post"}],"author":[{"embeddable":true,"href":"https:\/\/adintrade.hu\/en\/wp-json\/wp\/v2\/users\/6"}],"replies":[{"embeddable":true,"href":"https:\/\/adintrade.hu\/en\/wp-json\/wp\/v2\/comments?post=1962"}],"version-history":[{"count":2,"href":"https:\/\/adintrade.hu\/en\/wp-json\/wp\/v2\/posts\/1962\/revisions"}],"predecessor-version":[{"id":1965,"href":"https:\/\/adintrade.hu\/en\/wp-json\/wp\/v2\/posts\/1962\/revisions\/1965"}],"wp:attachment":[{"href":"https:\/\/adintrade.hu\/en\/wp-json\/wp\/v2\/media?parent=1962"}],"wp:term":[{"taxonomy":"category","embeddable":true,"href":"https:\/\/adintrade.hu\/en\/wp-json\/wp\/v2\/categories?post=1962"},{"taxonomy":"post_tag","embeddable":true,"href":"https:\/\/adintrade.hu\/en\/wp-json\/wp\/v2\/tags?post=1962"}],"curies":[{"name":"wp","href":"https:\/\/api.w.org\/{rel}","templated":true}]}}